[{"@context":"https:\/\/schema.org\/","@type":"Article","@id":"https:\/\/www.flamendr.cz\/co-s-tmavym-bytem\/#Article","mainEntityOfPage":"https:\/\/www.flamendr.cz\/co-s-tmavym-bytem\/","headline":"Co s tmav\u00fdm bytem?","name":"Co s tmav\u00fdm bytem?","description":"Snad v ka\u017ed\u00e9m byt\u011b se nach\u00e1z\u00ed alespo\u0148 jedna problematick\u00e1 m\u00edstnost, v n\u00ed\u017e je permanentn\u00ed tma. M\u00edstnost, kterou je t\u011b\u017ek\u00e9 [&hellip;]","datePublished":"2020-10-20","dateModified":"2023-10-10","author":{"@type":"Person","@id":"https:\/\/www.flamendr.cz\/author\/devene\/#Person","name":"devene","url":"https:\/\/www.flamendr.cz\/author\/devene\/","identifier":1,"image":{"@type":"ImageObject","@id":"https:\/\/secure.gravatar.com\/avatar\/ee69a086fc043006d66000ff5e288b6b088fc8fa323128f3849437410a854832?s=96&d=mm&r=g","url":"https:\/\/secure.gravatar.com\/avatar\/ee69a086fc043006d66000ff5e288b6b088fc8fa323128f3849437410a854832?s=96&d=mm&r=g","height":96,"width":96}},"publisher":{"@type":"Organization","name":"flamendr.cz","logo":{"@type":"ImageObject","@id":"\/logo.png","url":"\/logo.png","width":600,"height":60}},"image":{"@type":"ImageObject","@id":"https:\/\/www.flamendr.cz\/wp-content\/uploads\/apartment-4231463_960_720.jpg","url":"https:\/\/www.flamendr.cz\/wp-content\/uploads\/apartment-4231463_960_720.jpg","height":0,"width":0},"url":"https:\/\/www.flamendr.cz\/co-s-tmavym-bytem\/","about":["N\u00e1kupy"],"wordCount":489,"articleBody":"           Snad v ka\u017ed\u00e9m byt\u011b se nach\u00e1z\u00ed alespo\u0148 jedna problematick\u00e1 m\u00edstnost, v n\u00ed\u017e je permanentn\u00ed tma. M\u00edstnost, kterou je t\u011b\u017ek\u00e9 efektivn\u011b prosv\u011btlit tak, abychom v n\u00ed nemuseli sv\u00edtit u\u017e ve t\u0159i hodiny odpoledne. N\u011bkte\u0159\u00ed dokonce mus\u00ed \u017e\u00edt v celkov\u011b tmav\u00e9m byt\u011b, co\u017e m\u00e1 v d\u016fsledku neblah\u00fd vliv tak\u00e9 na psychiku, n\u00e1ladu \u010di kreativitu. Jak s depresivn\u00ed tmou bojovat?Je pravdou, \u017ee n\u011bkter\u00e9 tmav\u00e9 pokoje (\u010di byty) ovlivn\u00edme opravdu jen t\u011b\u017eko. Pokud se nap\u0159\u00edklad nast\u011bhujete do typick\u00e9ho panelov\u00e9ho s\u00eddli\u0161t\u011b, mus\u00edte po\u010d\u00edtat s t\u00edm, \u017ee jin\u00fd panel\u00e1k v\u00e1m bude br\u00e1nit nejen ve v\u00fdhledu, ale tak\u00e9 v p\u0159\u00edstupu sv\u011btla dovnit\u0159. S t\u00edmto samoz\u0159ejm\u011b nic moc nenad\u011bl\u00e1me. Zam\u011b\u0159\u00edme se proto sp\u00ed\u0161e tam, kde n\u011bco zm\u016f\u017eeme. A to sice na probl\u00e9my zp\u016fsoben\u00e9 \u0161patn\u00fdm rozm\u00edst\u011bn\u00edm n\u00e1bytku, tmav\u00fdmi barvami na st\u011bn\u00e1ch \u010di vybaven\u00ed a dal\u0161\u00ed nespr\u00e1vn\u00e1 rozhodnut\u00ed.Jak tedy byt prosv\u011btlit?Jist\u00fdm \u0159e\u0161en\u00edm by byla mo\u017enost vym\u011bnit st\u00e1vaj\u00edc\u00ed okna za v\u011bt\u0161\u00ed \u2013 v tomto ohledu jsou skv\u011bl\u00e1 tzv. francouzsk\u00e1 okna.Dal\u0161\u00ed mo\u017enost\u00ed je zkr\u00e1tka zam\u011bnit pokoje mezi sebou \u2013 nap\u0159\u00edklad na span\u00ed nen\u00ed t\u0159eba tolik sv\u011btla jako v pracovn\u011b \u010di ob\u00fdvac\u00edm pokoji. Pokud tedy m\u00e1te v n\u011bkter\u00e9m \u201edenn\u00edm\u201c pokoji tmu, zam\u011b\u0148te jej za ten \u201eno\u010dn\u00ed\u201c.Pomohou samoz\u0159ejm\u011b tak\u00e9 sv\u011btl\u00e9 barvy v\u0161ude kolem \u2013 tzn. na st\u011bn\u00e1ch, vybaven\u00ed i drobn\u00fdch dopl\u0148c\u00edch.D\u00e1le pom\u016f\u017ee upu\u0161t\u011bn\u00ed od starom\u00f3dn\u00edho zvyku t\u00fdkaj\u00edc\u00edho se z\u00e1clon a z\u00e1v\u011bs\u016f. Ty v sob\u011b dr\u017e\u00ed nejen prach, ale vezmou si i \u010d\u00e1st p\u0159irozen\u00e9ho sv\u011btla.Vhodn\u00fdm \u0159e\u0161en\u00edm je p\u0159erozm\u00edst\u011bn\u00ed n\u00e1bytku \u2013 odstra\u0148te nevzhledn\u00e9 a objemn\u00e9 sk\u0159\u00edn\u011b ve prosp\u011bch modern\u00edch men\u0161\u00edch sk\u0159\u00edn\u011bk, kter\u00e9 sv\u011btlu br\u00e1nit nebudou a naopak mohou sami ke sv\u011btl\u00e9mu efektu dopomoci.Hodn\u011b ud\u011blaj\u00ed tak\u00e9 interi\u00e9rov\u00e9 dve\u0159e. Pokud jsou bez sklen\u011bn\u00e9 v\u00fdpln\u011b, op\u011bt p\u0159isp\u00edvaj\u00ed k tmav\u00e9mu obydl\u00ed.Um\u011bl\u00e9 osv\u011btlen\u00ed m\u00e1 tak\u00e9 sv\u016fj pod\u00edl. Pat\u0159\u00ed sem nejen rozm\u00edst\u011bn\u00ed jednotliv\u00fdch sv\u00edtidel, ale tak\u00e9 sv\u00edtivost \u017e\u00e1rovek \u010di jejich sv\u011bteln\u00e9 odst\u00edny. U\u017e jste sly\u0161eli nap\u0159\u00edklad o Spectrasol ? Jedn\u00e1 se o spole\u010dnost zaji\u0161\u0165uj\u00edc\u00ed komplexn\u00ed dod\u00e1vku sv\u011bteln\u00fdch syst\u00e9m\u016f i souvisej\u00edc\u00edch slu\u017eeb. Pokud se sv\u011b\u0159\u00edte do rukou odborn\u00edk\u016f, m\u016f\u017eete o\u010dek\u00e1vat jenom to dobr\u00e9.D\u016fle\u017eitou roli hraj\u00ed tak\u00e9 dopl\u0148ky \u2013 dobr\u00e9 um\u00edst\u011bn\u00ed zrcadla i obrazu toti\u017e dok\u00e1\u017ee vyvolat ty spr\u00e1vn\u00e9 pocity.                                                                                                                                                                                                                                                                                                                                                                                                  "},{"@context":"https:\/\/schema.org\/","@type":"BreadcrumbList","itemListElement":[{"@type":"ListItem","position":1,"name":"Co s tmav\u00fdm bytem?","item":"https:\/\/www.flamendr.cz\/co-s-tmavym-bytem\/#breadcrumbitem"}]}]