[{"@context":"https:\/\/schema.org\/","@type":"Article","@id":"https:\/\/www.flamendr.cz\/na-politiku-u-nas-nadavame\/#Article","mainEntityOfPage":"https:\/\/www.flamendr.cz\/na-politiku-u-nas-nadavame\/","headline":"Na politiku u n\u00e1s nad\u00e1v\u00e1me","name":"Na politiku u n\u00e1s nad\u00e1v\u00e1me","description":"Kdybychom si porovnali po\u010det na\u0161inc\u016f, kte\u0159\u00ed si politickou situaci a politiky pochvaluj\u00ed, s\u00a0po\u010dtem t\u011bch, kte\u0159\u00ed na tot\u00e9\u017e nad\u00e1vaj\u00ed, je [&hellip;]","datePublished":"2021-12-22","dateModified":"2023-04-30","author":{"@type":"Person","@id":"https:\/\/www.flamendr.cz\/author\/devene\/#Person","name":"devene","url":"https:\/\/www.flamendr.cz\/author\/devene\/","identifier":1,"image":{"@type":"ImageObject","@id":"https:\/\/secure.gravatar.com\/avatar\/ee69a086fc043006d66000ff5e288b6b088fc8fa323128f3849437410a854832?s=96&d=mm&r=g","url":"https:\/\/secure.gravatar.com\/avatar\/ee69a086fc043006d66000ff5e288b6b088fc8fa323128f3849437410a854832?s=96&d=mm&r=g","height":96,"width":96}},"publisher":{"@type":"Organization","name":"flamendr.cz","logo":{"@type":"ImageObject","@id":"\/logo.png","url":"\/logo.png","width":600,"height":60}},"image":{"@type":"ImageObject","@id":"https:\/\/www.flamendr.cz\/wp-content\/uploads\/americk%C3%A1%20politika.png","url":"https:\/\/www.flamendr.cz\/wp-content\/uploads\/americk%C3%A1%20politika.png","height":0,"width":0},"url":"https:\/\/www.flamendr.cz\/na-politiku-u-nas-nadavame\/","about":["Politika"],"wordCount":416,"articleBody":"Kdybychom si porovnali po\u010det na\u0161inc\u016f, kte\u0159\u00ed si politickou situaci a politiky pochvaluj\u00ed, s\u00a0po\u010dtem t\u011bch, kte\u0159\u00ed na tot\u00e9\u017e nad\u00e1vaj\u00ed, je prakticky jist\u00e9, co by p\u0159ev\u00e1\u017eilo. Ur\u010dit\u011b by byli ve v\u011bt\u0161in\u011b, a to jednozna\u010dn\u00e9, ti, kdo na politic\u00edch nenechaj\u00ed t\u0159eba ani jedinou nit suchou. Tedy ti, kdo pran\u00fd\u0159uj\u00ed klidn\u011b i jak\u00e9koliv rozhodnut\u00ed, kter\u00e9 ti tam naho\u0159e u\u010din\u00ed. A je \u010dasto docela jedno, m\u00edn\u00edme-li t\u011bmi naho\u0159e politiky vl\u00e1dn\u00ed nebo jenom obecn\u00ed, m\u00e1me-li na mysli prezidenta, premi\u00e9ra, ministry nebo t\u0159eba i toho posledn\u00edho ze zastupitel\u016f v\u00a0n\u011bjak\u00e9 zastr\u010den\u00e9 mal\u00e9 obci.S\u00a0politikou u n\u00e1s prost\u011b tradi\u010dn\u011b vyjad\u0159ujeme nespokojenost. Mo\u017en\u00e1 takovou, \u017ee by se nejenom Severokorejc\u016fm a jin\u00fdm obyvatel\u016fm zem\u00ed s\u00a0dikt\u00e1torsk\u00fdmi re\u017eimy proto\u010dily panenky, kdyby to vid\u011bli a sly\u0161eli. A co mysl\u00edte, je tato kritika opr\u00e1vn\u011bn\u00e1 nebo sp\u00ed\u0161e nikoliv?A\u0165 odpov\u00edte jakkoliv, budete m\u00edt v\u017edy kousek pravdy a z\u00e1rove\u0148 se budete i pon\u011bkud m\u00fdlit. Proto\u017ee politika stejn\u011b jako n\u011bco jin\u00e9ho nen\u00ed dokonal\u00e1, ale zase na druhou stranu nemus\u00ed j\u00edt jenom o zavr\u017een\u00edhodnou \u010dinnost. V\u0161ude je chleba o dvou k\u016frk\u00e1ch.A tak n\u011bkdy kritizujeme pln\u00fdm pr\u00e1vem. T\u0159eba kdy\u017e se proval\u00ed, jak si n\u011bkdo z\u00a0politik\u016f nebo cel\u00e1 partaj p\u0159ihr\u00e1li n\u011bjakou klidn\u011b i zna\u010dn\u011b velkou malou dom\u016f, kdy\u017e se dozv\u00edme, jak n\u011bkte\u0159\u00ed mocn\u00ed o sv\u00fdch poddan\u00fdch ve skute\u010dnosti sm\u00fd\u0161lej\u00ed, kdy\u017e se uzav\u00edraj\u00ed komploty, kter\u00e9 n\u00e1m d\u011blaj\u00ed ostudu nebo zp\u016fsobuj\u00ed je\u0161t\u011b n\u011bco hor\u0161\u00edho. Ov\u0161em n\u011bkdy tak\u00e9 nemus\u00ed b\u00fdt kritika ani trochu na m\u00edst\u011b. Proto\u017ee politici vl\u00e1dnou v\u0161em, kte\u0159\u00ed jsou jim pod\u0159\u00edzeni, mus\u00ed jednat (v ide\u00e1ln\u00edm p\u0159\u00edpad\u011b) v\u00a0z\u00e1jmu v\u0161ech, a jak zn\u00e1mo, v\u0161em se zavd\u011b\u010dit ned\u00e1. My lid\u00e9 jsme r\u016fzn\u00ed, a to, co se jednomu z\u00a0n\u00e1s na rozhodnut\u00edch politik\u016f l\u00edb\u00ed, je pro druh\u00e9ho neakceptovateln\u00e9.A tak jsou politici, dob\u0159\u00ed stejn\u011b jako \u0161patn\u00ed, v\u017edy v\u00a0palb\u011b kritiky, pomluv a dal\u0161\u00edch nelichotiv\u00fdch hodnocen\u00ed. Co\u017e je d\u016fvod, pro\u010d se t\u0159eba j\u00e1 nikdy politikem nestanu, i kdy\u017e by se mi ur\u010dit\u011b ministersk\u00e1 v\u00fdplata l\u00edbila.                                                                                                                                                                                                                                                                                                                                                                                                "},{"@context":"https:\/\/schema.org\/","@type":"BreadcrumbList","itemListElement":[{"@type":"ListItem","position":1,"name":"Na politiku u n\u00e1s nad\u00e1v\u00e1me","item":"https:\/\/www.flamendr.cz\/na-politiku-u-nas-nadavame\/#breadcrumbitem"}]}]