[{"@context":"https:\/\/schema.org\/","@type":"Article","@id":"https:\/\/www.flamendr.cz\/rad-bych-politikum-veril\/#Article","mainEntityOfPage":"https:\/\/www.flamendr.cz\/rad-bych-politikum-veril\/","headline":"R\u00e1d bych politik\u016fm v\u011b\u0159il","name":"R\u00e1d bych politik\u016fm v\u011b\u0159il","description":"Ka\u017ed\u00fd z\u00a0n\u00e1s \u017eije sv\u016fj specifick\u00fd, unik\u00e1tn\u00ed \u017eivot. A proto\u017ee jsme ka\u017ed\u00fd jin\u00fd, ka\u017ed\u00fd z\u00a0n\u00e1s tak\u00e9 odli\u0161n\u011b uva\u017euje o sv\u011bt\u011b, [&hellip;]","datePublished":"2024-05-27","dateModified":"2024-05-27","author":{"@type":"Person","@id":"https:\/\/www.flamendr.cz\/author\/devene\/#Person","name":"devene","url":"https:\/\/www.flamendr.cz\/author\/devene\/","identifier":1,"image":{"@type":"ImageObject","@id":"https:\/\/secure.gravatar.com\/avatar\/ee69a086fc043006d66000ff5e288b6b088fc8fa323128f3849437410a854832?s=96&d=mm&r=g","url":"https:\/\/secure.gravatar.com\/avatar\/ee69a086fc043006d66000ff5e288b6b088fc8fa323128f3849437410a854832?s=96&d=mm&r=g","height":96,"width":96}},"publisher":{"@type":"Organization","name":"flamendr.cz","logo":{"@type":"ImageObject","@id":"\/logo.png","url":"\/logo.png","width":600,"height":60}},"image":{"@type":"ImageObject","@id":"https:\/\/www.flamendr.cz\/wp-content\/uploads\/%C5%BE%C5%BE%C5%BE%C5%BE.png","url":"https:\/\/www.flamendr.cz\/wp-content\/uploads\/%C5%BE%C5%BE%C5%BE%C5%BE.png","height":0,"width":0},"url":"https:\/\/www.flamendr.cz\/rad-bych-politikum-veril\/","about":["Politika"],"wordCount":434,"articleBody":"Ka\u017ed\u00fd z\u00a0n\u00e1s \u017eije sv\u016fj specifick\u00fd, unik\u00e1tn\u00ed \u017eivot. A proto\u017ee jsme ka\u017ed\u00fd jin\u00fd, ka\u017ed\u00fd z\u00a0n\u00e1s tak\u00e9 odli\u0161n\u011b uva\u017euje o sv\u011bt\u011b, kter\u00fd ho obklopuje. A tedy i o lidech v\u00a0n\u011bm. A proto\u017ee jsou sou\u010d\u00e1st\u00ed na\u0161eho sv\u011bta i politici, uva\u017eujeme pochopiteln\u011b i o nich. A m\u00e1me \u0161t\u011bst\u00ed, \u017ee o nich m\u016f\u017eeme uva\u017eovat. Proto\u017ee jsou i re\u017eimy, v\u00a0nich\u017e se ani uva\u017eovat nesm\u00ed. Tam se sm\u00ed jedin\u011b tleskat a chv\u00e1lit. A to dost, proto\u017ee m\u016f\u017ee b\u00fdt i jenom zd\u00e1nliv\u00fd pocit neloajality d\u016fvodem ke krut\u00e9mu trestu. Co\u017e si mnoz\u00ed z\u00a0n\u00e1s dok\u00e1\u017eou p\u0159edstavit, proto\u017ee i u n\u00e1s podobn\u00e9 doby byly. A n\u011bkde je to je\u0161t\u011b hor\u0161\u00ed ne\u017e u n\u00e1s tehdy.Tak\u017ee u n\u00e1s zn\u00e1me tv\u00e1\u0159e v\u00fdznamn\u00fdch politik\u016f. A p\u0159inejmen\u0161\u00edm v\u00a0hrub\u00fdch rysech v\u00edme i to, jak\u00e9 jsou tito politick\u00e9 orientace a co n\u00e1m alespo\u0148 v\u00a0ofici\u00e1ln\u00ed rovin\u011b nab\u00edzej\u00ed. Ale je pochopiteln\u00e9, a to bychom ur\u010dit\u011b nem\u011bli spou\u0161t\u011bt ze z\u0159etele, \u017ee i takov\u00ed politici maj\u00ed sv\u016fj vlastn\u00ed \u017eivot, kter\u00fd ned\u00e1vaj\u00ed sv\u011btu na odiv. A mo\u017enost\u00ed, jak si zlep\u0161it svou image, maj\u00ed d\u00edky nejr\u016fzn\u011bj\u0161\u00edm technologi\u00edm a m\u00e9di\u00edm docela dost. Tak\u017ee n\u011bkdy sm\u00fd\u0161l\u00edme o politic\u00edch nespr\u00e1vn\u011b. N\u011bkdy se v\u00a0nich m\u016f\u017eeme i \u0161eredn\u011b m\u00fdlit.M\u00fdlit se je lidsk\u00e9. To se prost\u011b st\u00e1v\u00e1. Nikdo z\u00a0n\u00e1s nen\u00ed v\u0161ev\u011bdouc\u00ed. A proto bychom nem\u011bli posuzovat na\u0161e politiky jenom podle jejich slib\u016f a \u0159e\u010d\u00ed, podle volebn\u00edch materi\u00e1l\u016f a spot\u016f a podobn\u011b. M\u011bli bychom ty, kdo jsou zvoleni, bedliv\u011b sledovat. A t\u00edm si utv\u00e1\u0159et aspo\u0148 o n\u011bco dokonalej\u0161\u00ed obr\u00e1zek.Kdo se o politiku zaj\u00edm\u00e1, odhal\u00ed aspo\u0148 ty nejv\u011bt\u0161\u00ed lh\u00e1\u0159e, stejn\u011b jako ty, kdo slibuj\u00ed, ale sv\u00e9 sliby nepln\u00ed. Proto\u017ee za ka\u017ed\u00e9ho \u010dlov\u011bka mluv\u00ed nejenom slova, ale hlavn\u011b \u010diny. Jen\u017ee kolika lidem toto nic ne\u0159\u00edk\u00e1! Kolik jenom lid\u00ed si p\u0159e\u010dte nanejv\u00fd\u0161 n\u011bjak\u00fd volebn\u00ed let\u00e1k nebo vezme za sv\u00e9 zaslechnut\u00e9 \u201aza toho a toho bylo l\u00edp\u2018! A tak vol\u00edme i ty, je\u017e bychom volit ur\u010dit\u011b nem\u011bli. A nech\u00e1v\u00e1me je, aby za n\u00e1s rozhodovali o na\u0161ich \u017eivotech a na\u0161\u00ed budoucnosti. K\u00a0na\u0161\u00ed vlastn\u00ed \u0161kod\u011b.                                                                                                                                                                                                                                                                                                                                                                                                "},{"@context":"https:\/\/schema.org\/","@type":"BreadcrumbList","itemListElement":[{"@type":"ListItem","position":1,"name":"R\u00e1d bych politik\u016fm v\u011b\u0159il","item":"https:\/\/www.flamendr.cz\/rad-bych-politikum-veril\/#breadcrumbitem"}]}]