[{"@context":"https:\/\/schema.org\/","@type":"Article","@id":"https:\/\/www.flamendr.cz\/rodicum-byste-peci-meli-vratit\/#Article","mainEntityOfPage":"https:\/\/www.flamendr.cz\/rodicum-byste-peci-meli-vratit\/","headline":"Rodi\u010d\u016fm byste p\u00e9\u010di m\u011bli vr\u00e1tit","name":"Rodi\u010d\u016fm byste p\u00e9\u010di m\u011bli vr\u00e1tit","description":"Kdo jin\u00fd by se o n\u00e1s postaral hned po narozen\u00ed ne\u017e na\u0161e matka a otec, kte\u0159\u00ed n\u00e1m d\u00e1vaj\u00ed v\u0161echnu [&hellip;]","datePublished":"2019-03-19","dateModified":"2023-04-30","author":{"@type":"Person","@id":"https:\/\/www.flamendr.cz\/author\/devene\/#Person","name":"devene","url":"https:\/\/www.flamendr.cz\/author\/devene\/","identifier":1,"image":{"@type":"ImageObject","@id":"https:\/\/secure.gravatar.com\/avatar\/ee69a086fc043006d66000ff5e288b6b088fc8fa323128f3849437410a854832?s=96&d=mm&r=g","url":"https:\/\/secure.gravatar.com\/avatar\/ee69a086fc043006d66000ff5e288b6b088fc8fa323128f3849437410a854832?s=96&d=mm&r=g","height":96,"width":96}},"publisher":{"@type":"Organization","name":"flamendr.cz","logo":{"@type":"ImageObject","@id":"\/logo.png","url":"\/logo.png","width":600,"height":60}},"image":{"@type":"ImageObject","@id":"https:\/\/www.flamendr.cz\/wp-content\/uploads\/img_a340196_w2365_t1553237796.jpg","url":"https:\/\/www.flamendr.cz\/wp-content\/uploads\/img_a340196_w2365_t1553237796.jpg","height":0,"width":0},"url":"https:\/\/www.flamendr.cz\/rodicum-byste-peci-meli-vratit\/","wordCount":449,"articleBody":"Kdo jin\u00fd by se o n\u00e1s postaral hned po narozen\u00ed ne\u017e na\u0161e matka a otec, kte\u0159\u00ed n\u00e1m d\u00e1vaj\u00ed v\u0161echnu l\u00e1sku a p\u00e9\u010di jen abychom se m\u011bli dob\u0159e? Samoz\u0159ejm\u011b existuj\u00ed i smutn\u00e9 p\u0159\u00edpady, kdy je d\u00edt\u011b po porodu odlo\u017eeno k adopci a t\u00edm p\u00e1dem se o n\u011bj nem\u00e1 kdo postarat. I takov\u00e9 d\u00edt\u011b si v\u0161ak m\u016f\u017ee naj\u00edt v \u017eivot\u011b za pomoc\u00ed ostatn\u00edch n\u00e1hradn\u00ed rodi\u010de. Ty mu budou dop\u0159\u00e1vat p\u00e9\u010di a budou jej br\u00e1t jako vlastn\u00ed. N\u011bkter\u00e9 p\u00e1ry toti\u017e nemohou m\u00edt d\u011bti, a tak jsou velmi \u0161\u0165astn\u00ed, pokud si mohou n\u011bjak\u00e9 d\u00edt\u011b adoptovat. Pot\u00e9 si jej v\u00e1\u017e\u00ed mnohem v\u00edc. Zde plat\u00ed r\u010den\u00ed, \u017ee lid\u00e9 si neuv\u011bdomuj\u00ed, co maj\u00ed, dokud to neztrat\u00ed. Pokud n\u011bjak\u00fd p\u00e1r nem\u016f\u017ee m\u00edt d\u011bti, tak si velice siln\u011b uv\u011bdomuj\u00ed, co pro n\u011b d\u00edt\u011b znamen\u00e1 . Od malinka je o ka\u017ed\u00e9 d\u00edt\u011b postar\u00e1no. V\u011bnuj\u00ed a staraj\u00ed se o n\u011b matky, kter\u00e9 to s nimi ob\u010das nemaj\u00ed jednoduch\u00e9. Vst\u00e1vaj\u00ed k nim v noci, kdy jsou nevyspal\u00e9 a unaven\u00e9, ale vstanou, proto\u017ee jejich mate\u0159sk\u00fd instinkt je nenech\u00e1 klidn\u00e9, pokud d\u00edt\u011b bre\u010d\u00ed. V pozd\u011bj\u0161\u00edm v\u011bku je vod\u00ed do \u0161kolky a po ob\u011bd\u011b nebo po vydatn\u00e9m odpoledn\u00edm sp\u00e1nku je zase vyzved\u00e1vaj\u00ed. U\u010d\u00ed je mluvit, ps\u00e1t, po\u010d\u00edtat. Pos\u00edlaj\u00ed je do \u0161koly, aby se u\u010dili nov\u00fdm v\u011bcem a m\u011bli nov\u00e9 kamar\u00e1dy, se kter\u00fdmi mohou v odpoledn\u00edch hodin\u00e1ch chodit ven. Jestli\u017ee jim je \u0161patn\u011b, tak s nimi jsou doma a pe\u010duj\u00ed o n\u011b, aby jim bylo co nejd\u0159\u00edve l\u00e9pe. Jednou a\u0165 ka\u017ed\u00fd chce nebo nechce, tak se stane dosp\u011bl\u00fdm. Bude muset p\u0159evz\u00edt za sv\u00e9 \u010diny a svou osobu odpov\u011bdnost. Rodi\u010de st\u00e1rnou a po pr\u00e1ci jdou do penze. O sv\u00e9 rodi\u010de bychom se m\u011bli starat od toho v\u011bku, kdy jim m\u016f\u017eeme pomoc alespo\u0148 s dom\u00e1c\u00edmi pracemi. Touto prac\u00ed jim pom\u016f\u017eeme s dom\u00e1cnost\u00ed a oni toho nemaj\u00ed tolik. Kdy\u017e dostaneme \u0159idi\u010dsk\u00e9 opr\u00e1vn\u011bn\u00ed a za\u010dneme jezdit autem, m\u011bli bychom si ud\u011blat \u010das na rodi\u010de a vozit je k doktor\u016fm, pokud pot\u0159ebuj\u00ed. M\u011bli bychom jim v\u0161echnu tu p\u00e9\u010di vr\u00e1tit, proto\u017ee pokud se o n\u011b nepostar\u00e1me my, tak se o n\u011b budou muset starat ciz\u00ed lid\u00e9. Nikdo nechce, aby se o n\u011bj starali ciz\u00ed lid\u00e9.                                                                                                                                                                                                                                                                                                                                                                                                "},{"@context":"https:\/\/schema.org\/","@type":"BreadcrumbList","itemListElement":[{"@type":"ListItem","position":1,"name":"Rodi\u010d\u016fm byste p\u00e9\u010di m\u011bli vr\u00e1tit","item":"https:\/\/www.flamendr.cz\/rodicum-byste-peci-meli-vratit\/#breadcrumbitem"}]}]