[{"@context":"https:\/\/schema.org\/","@type":"Article","@id":"https:\/\/www.flamendr.cz\/telefon-jako-doplnek\/#Article","mainEntityOfPage":"https:\/\/www.flamendr.cz\/telefon-jako-doplnek\/","headline":"Telefon jako dopln\u011bk","name":"Telefon jako dopln\u011bk","description":"Mezi m\u00f3dn\u00ed dopl\u0148ky se tradi\u010dn\u011b \u0159ad\u00ed zejm\u00e9na ta\u0161ky, kabelky nebo \u0161\u00e1tky, br\u00fdle \u010di \u0161perky nebo pokr\u00fdvky hlavy. Dopl\u0148ky n\u00e1m [&hellip;]","datePublished":"2024-01-16","dateModified":"2024-01-16","author":{"@type":"Person","@id":"https:\/\/www.flamendr.cz\/author\/devene\/#Person","name":"devene","url":"https:\/\/www.flamendr.cz\/author\/devene\/","identifier":1,"image":{"@type":"ImageObject","@id":"https:\/\/secure.gravatar.com\/avatar\/ee69a086fc043006d66000ff5e288b6b088fc8fa323128f3849437410a854832?s=96&d=mm&r=g","url":"https:\/\/secure.gravatar.com\/avatar\/ee69a086fc043006d66000ff5e288b6b088fc8fa323128f3849437410a854832?s=96&d=mm&r=g","height":96,"width":96}},"publisher":{"@type":"Organization","name":"flamendr.cz","logo":{"@type":"ImageObject","@id":"\/logo.png","url":"\/logo.png","width":600,"height":60}},"image":{"@type":"ImageObject","@id":"https:\/\/www.flamendr.cz\/wp-content\/uploads\/iphone-gd0f36f7a8_640_3.jpg","url":"https:\/\/www.flamendr.cz\/wp-content\/uploads\/iphone-gd0f36f7a8_640_3.jpg","height":0,"width":0},"url":"https:\/\/www.flamendr.cz\/telefon-jako-doplnek\/","about":["N\u00e1kupy"],"wordCount":387,"articleBody":"   Mezi m\u00f3dn\u00ed dopl\u0148ky se tradi\u010dn\u011b \u0159ad\u00ed zejm\u00e9na ta\u0161ky, kabelky nebo \u0161\u00e1tky, br\u00fdle \u010di \u0161perky nebo pokr\u00fdvky hlavy. Dopl\u0148ky n\u00e1m maj\u00ed pom\u00e1hat dotv\u00e1\u0159et n\u00e1\u0161 vzhled a o\u017eivit jinak nezaj\u00edmav\u00e9 oble\u010den\u00ed. Posledn\u00ed roky se mezi n\u011b dokonce \u0159ad\u00ed i obaly na telefony. V dob\u011b, kdy jsou telefony velk\u00e9 tak \u017ee se \u010dasto nevejdou pohodln\u011b do jedn\u00e9 ruky, se daj\u00ed dokonce koupit takov\u00e9 kryty na tyto telefony, kter\u00e9 se daj\u00ed nosit na rameni m\u00edsto kabelky.Jedn\u00e1 se o nej\u017ehav\u011bj\u0161\u00ed m\u00f3dn\u00ed trend posledn\u00ed doby. Tento jedine\u010dn\u00fd kryt na telefon se za\u010dal prvotn\u011b prod\u00e1vat pro iPhone, kter\u00fd je pova\u017eovan\u00fd za kr\u00e1le mezi telefony hlavn\u011b d\u00edky minimalistick\u00e9mu designu, kter\u00fd je v kurzu, a tak\u00e9 kv\u016fli sv\u00e9 vysok\u00e9 cen\u011b. M\u00edt iPhone je v posledn\u00edch letech ot\u00e1zkou spole\u010densk\u00e9 presti\u017ee, tak\u017ee se nen\u00ed \u010demu divit, \u017ee si ho kupuje ka\u017ed\u00fd, kdo chce zap\u016fsobit na ostatn\u00ed.iPhone s ozna\u010den\u00edm MAX je nejv\u011bt\u0161\u00ed model z ka\u017ed\u00ed posledn\u00ed produktov\u00e9 \u0159ady, a d\u00edky modern\u00edm technologi\u00edm si do n\u011bj m\u016f\u017eete ulo\u017eit nejen doklady, ale i v\u011brnostn\u00ed karti\u010dky a platebn\u00ed karty. Kdy\u017e jdete na ve\u010d\u00edrek, v podstat\u011b nic krom\u011b kl\u00ed\u010d\u016f a telefonu nepot\u0159ebujete. A pokud m\u00e1 n\u011bkdo dve\u0159e na otisk prstu nebo na kartu, nepot\u0159ebuje ani ty kl\u00ed\u010de. Nen\u00ed divu, \u017ee se za\u010daly vyr\u00e1b\u011bt kryty na telefony kter\u00e9 maj\u00ed evokovat kabelku.Pokud m\u00e1te star\u0161\u00ed telefon a chcete jej m\u00edt jako sv\u016fj dopln\u011bk, ale jako kabelku ho nosit nechcete, m\u016f\u017eete si i tak vybrat z cel\u00e9 \u0159ady kryt\u016f a obal\u016f, kter\u00e9 pln\u00ed nejen designu funkci, ale p\u0159edev\u0161\u00edm bezpe\u010dnostn\u00ed. Telefony s dotykov\u00fdm displejem jsou velice n\u00e1chyln\u00e9 na po\u0161kozen\u00ed, a proto je nutn\u00e9 je chr\u00e1nit nejen obalem, ale i tvrzen\u00fdm sklem. Pokud hled\u00e1te kryt na iphone se, ur\u010dit\u011b si vyberete z na\u0161\u00ed \u0161irok\u00e9 nab\u00eddky, kde najdete jednobarevn\u00e9 i barevn\u011bj\u0161\u00ed verze. Kryty za\u010dali nab\u00edzet i v\u00fdrobci zna\u010dkov\u00e9ho oble\u010den\u00ed, tak\u017ee pokud m\u00e1te r\u00e1di n\u011bjakou zna\u010dku, nejsp\u00ed\u0161 najdete v jejich sortimentu i kryty a obaly.                                                                                                                                                                                                                                                                                                                                                                                                  "},{"@context":"https:\/\/schema.org\/","@type":"BreadcrumbList","itemListElement":[{"@type":"ListItem","position":1,"name":"Telefon jako dopln\u011bk","item":"https:\/\/www.flamendr.cz\/telefon-jako-doplnek\/#breadcrumbitem"}]}]